{"id":5498,"date":"2024-01-18T11:33:26","date_gmt":"2024-01-18T09:33:26","guid":{"rendered":"https:\/\/dazoq.se\/?p=5498"},"modified":"2024-04-15T11:39:12","modified_gmt":"2024-04-15T09:39:12","slug":"satt-energieffektivisering-i-forsta-rummet","status":"publish","type":"post","link":"https:\/\/dazoq.se\/en\/satt-energieffektivisering-i-forsta-rummet\/","title":{"rendered":"Energy efficiency first"},"content":{"rendered":"<div data-elementor-type=\"wp-post\" data-elementor-id=\"5498\" class=\"elementor elementor-5498\" data-elementor-post-type=\"post\">\n\t\t\t\t\t\t\t\t\t<section class=\"elementor-section elementor-top-section elementor-element elementor-element-6d6475e elementor-section-boxed elementor-section-height-default elementor-section-height-default\" data-id=\"6d6475e\" data-element_type=\"section\">\n\t\t\t\t\t\t<div class=\"elementor-container elementor-column-gap-default\">\n\t\t\t\t\t<div class=\"elementor-column elementor-col-100 elementor-top-column elementor-element elementor-element-c9b9031\" data-id=\"c9b9031\" data-element_type=\"column\">\n\t\t\t<div class=\"elementor-widget-wrap elementor-element-populated\">\n\t\t\t\t\t\t\t\t<div class=\"elementor-element elementor-element-e11c02d elementor-widget elementor-widget-image\" data-id=\"e11c02d\" data-element_type=\"widget\" data-widget_type=\"image.default\">\n\t\t\t\t<div class=\"elementor-widget-container\">\n\t\t\t<style>\/*! elementor - v3.18.0 - 20-12-2023 *\/\n.elementor-widget-image{text-align:center}.elementor-widget-image a{display:inline-block}.elementor-widget-image a img[src$=\".svg\"]{width:48px}.elementor-widget-image img{vertical-align:middle;display:inline-block}<\/style>\t\t\t\t\t\t\t\t\t\t\t\t<img fetchpriority=\"high\" decoding=\"async\" width=\"1024\" height=\"683\" src=\"https:\/\/dazoq.se\/wp-content\/uploads\/2023\/04\/pexels-jonas-von-werne-1249398-1024x683.jpg\" class=\"attachment-large size-large wp-image-2866\" alt=\"\" srcset=\"https:\/\/dazoq.se\/wp-content\/uploads\/2023\/04\/pexels-jonas-von-werne-1249398-1024x683.jpg 1024w, https:\/\/dazoq.se\/wp-content\/uploads\/2023\/04\/pexels-jonas-von-werne-1249398-300x200.jpg 300w, https:\/\/dazoq.se\/wp-content\/uploads\/2023\/04\/pexels-jonas-von-werne-1249398-768x512.jpg 768w, https:\/\/dazoq.se\/wp-content\/uploads\/2023\/04\/pexels-jonas-von-werne-1249398-1536x1024.jpg 1536w, https:\/\/dazoq.se\/wp-content\/uploads\/2023\/04\/pexels-jonas-von-werne-1249398-2048x1365.jpg 2048w\" sizes=\"(max-width: 1024px) 100vw, 1024px\" \/>\t\t\t\t\t\t\t\t\t\t\t\t\t\t\t<\/div>\n\t\t\t\t<\/div>\n\t\t\t\t<div class=\"elementor-element elementor-element-b332b65 elementor-widget elementor-widget-heading\" data-id=\"b332b65\" data-element_type=\"widget\" data-widget_type=\"heading.default\">\n\t\t\t\t<div class=\"elementor-widget-container\">\n\t\t\t<style>\/*! elementor - v3.18.0 - 20-12-2023 *\/\n.elementor-heading-title{padding:0;margin:0;line-height:1}.elementor-widget-heading .elementor-heading-title[class*=elementor-size-]>a{color:inherit;font-size:inherit;line-height:inherit}.elementor-widget-heading .elementor-heading-title.elementor-size-small{font-size:15px}.elementor-widget-heading .elementor-heading-title.elementor-size-medium{font-size:19px}.elementor-widget-heading .elementor-heading-title.elementor-size-large{font-size:29px}.elementor-widget-heading .elementor-heading-title.elementor-size-xl{font-size:39px}.elementor-widget-heading .elementor-heading-title.elementor-size-xxl{font-size:59px}<\/style><h1 class=\"elementor-heading-title elementor-size-default\">Energy efficiency first<\/h1>\t\t<\/div>\n\t\t\t\t<\/div>\n\t\t\t\t<div class=\"elementor-element elementor-element-fe1179a elementor-widget elementor-widget-text-editor\" data-id=\"fe1179a\" data-element_type=\"widget\" data-widget_type=\"text-editor.default\">\n\t\t\t\t<div class=\"elementor-widget-container\">\n\t\t\t<style>\/*! elementor - v3.18.0 - 20-12-2023 *\/\n.elementor-widget-text-editor.elementor-drop-cap-view-stacked .elementor-drop-cap{background-color:#69727d;color:#fff}.elementor-widget-text-editor.elementor-drop-cap-view-framed .elementor-drop-cap{color:#69727d;border:3px solid;background-color:transparent}.elementor-widget-text-editor:not(.elementor-drop-cap-view-default) .elementor-drop-cap{margin-top:8px}.elementor-widget-text-editor:not(.elementor-drop-cap-view-default) .elementor-drop-cap-letter{width:1em;height:1em}.elementor-widget-text-editor .elementor-drop-cap{float:left;text-align:center;line-height:1;font-size:50px}.elementor-widget-text-editor .elementor-drop-cap-letter{display:inline-block}<\/style>\t\t\t\t<p><a href=\"https:\/\/www.europarl.europa.eu\/factsheets\/sv\/sheet\/69\/energieffektivitet\" target=\"_blank\" rel=\"noopener\">The EU's energy efficiency directive<\/a> was already established in 2012, was updated in 2018 and 2023 and is today a framework and regulatory framework for achieving the EU's ambitious goals for energy efficiency. It is not only a necessity for reaching the EU's climate goals, but also an important part of securing a sustainable future for our energy use. Today, it is more important than ever to improve energy efficiency because we are facing major challenges with electrification and the green transition. We are pleased that the EU is taking major steps by revising the Energy Efficiency Directive to put \"energy efficiency first\" and that it will become a fundamental principle of EU energy policy.<\/p>\t\t\t\t\t\t<\/div>\n\t\t\t\t<\/div>\n\t\t\t\t<div class=\"elementor-element elementor-element-bf2889f elementor-widget elementor-widget-heading\" data-id=\"bf2889f\" data-element_type=\"widget\" data-widget_type=\"heading.default\">\n\t\t\t\t<div class=\"elementor-widget-container\">\n\t\t\t<h2 class=\"elementor-heading-title elementor-size-default\">The key points in the revised version from 2023 include<\/h2>\t\t<\/div>\n\t\t\t\t<\/div>\n\t\t\t\t<div class=\"elementor-element elementor-element-9570b67 elementor-widget elementor-widget-text-editor\" data-id=\"9570b67\" data-element_type=\"widget\" data-widget_type=\"text-editor.default\">\n\t\t\t\t<div class=\"elementor-widget-container\">\n\t\t\t\t\t\t\t<ul><li><b> Goals \u2013\u00a0<\/b>The directive establishes a binding goal for all EU countries to reduce energy consumption by 11.7% by 2030.<\/li><li><b> Energy efficiency first \u2013\u00a0<\/b>The principle of 'energy efficiency first' means that energy efficiency must be considered in all political and investment decisions, giving it a legal standing for the first time.<\/li><li><b> National Contributions and Gap-Filling \u2013\u00a0<\/b>Countries are to set national contributions based on objective criteria. An enhanced 'gap-filling mechanism' ensures that countries falling behind catch up on their contributions.<\/li><li><b> Industry Inclusion \u2013\u00a0<\/b>To optimize energy savings in the industrial sector, all industries, regardless of size, consuming energy above a certain amount, must conduct an energy audit. This includes small and medium-sized enterprises (SMEs) where significant potential for energy savings exists. At the same time, the directive mandates energy management systems as a mandatory requirement for large industrial energy consumers to monitor and optimize their energy efficiency.<\/li><\/ul>\t\t\t\t\t\t<\/div>\n\t\t\t\t<\/div>\n\t\t\t\t<div class=\"elementor-element elementor-element-fa043c6 elementor-widget elementor-widget-text-editor\" data-id=\"fa043c6\" data-element_type=\"widget\" data-widget_type=\"text-editor.default\">\n\t\t\t\t<div class=\"elementor-widget-container\">\n\t\t\t\t\t\t\t<p>Energy efficiency is not just a global goal; it is a reality we must confront. Our fundamental value is to support this journey towards sustainability by providing a smart and intuitive energy management system. With real-time measurements and customizable visualization, DAZOQ EI empowers industrial enterprises to monitor and optimize their energy consumption, effectively supporting the new requirements and creating a more sustainable and cost-effective future.<a href=\"https:\/\/dazoq.se\/en\/var-losning\/\"> Read more about how DAZOQ EI can help your company towards a more energy efficient future.<\/a><\/p><p><strong>Source: <a href=\"https:\/\/energy.ec.europa.eu\/topics\/energy-efficiency\/energy-efficiency-targets-directive-and-rules\/energy-efficiency-directive_en#energy-consumption-targets-and-savings-obligation\">Europeiska Unionen<\/a><\/strong><\/p>\t\t\t\t\t\t<\/div>\n\t\t\t\t<\/div>\n\t\t\t\t\t<\/div>\n\t\t<\/div>\n\t\t\t\t\t\t\t<\/div>\n\t\t<\/section>\n\t\t\t\t\t\t\t<\/div>","protected":false},"excerpt":{"rendered":"<p>The EU's energy efficiency directive was already established in 2012, was updated in 2018 and 2023 and is today a framework and regulatory framework for achieving the EU's ambitious goals for energy efficiency. It is not only a necessity for reaching the EU's climate goals, but also an important part of securing a sustainable future for our energy use. Today, it is more important than ever to improve energy efficiency because we are facing major challenges with electrification and the green transition.<\/p>","protected":false},"author":1,"featured_media":2866,"comment_status":"closed","ping_status":"open","sticky":false,"template":"","format":"standard","meta":{"site-sidebar-layout":"default","site-content-layout":"","ast-site-content-layout":"default","site-content-style":"default","site-sidebar-style":"default","ast-global-header-display":"","ast-banner-title-visibility":"","ast-main-header-display":"","ast-hfb-above-header-display":"","ast-hfb-below-header-display":"","ast-hfb-mobile-header-display":"","site-post-title":"disabled","ast-breadcrumbs-content":"","ast-featured-img":"disabled","footer-sml-layout":"","theme-transparent-header-meta":"","adv-header-id-meta":"","stick-header-meta":"","header-above-stick-meta":"","header-main-stick-meta":"","header-below-stick-meta":"","astra-migrate-meta-layouts":"set","ast-page-background-enabled":"default","ast-page-background-meta":{"desktop":{"background-color":"","background-image":"","background-repeat":"repeat","background-position":"center center","background-size":"auto","background-attachment":"scroll","background-type":"","background-media":"","overlay-type":"","overlay-color":"","overlay-gradient":""},"tablet":{"background-color":"","background-image":"","background-repeat":"repeat","background-position":"center center","background-size":"auto","background-attachment":"scroll","background-type":"","background-media":"","overlay-type":"","overlay-color":"","overlay-gradient":""},"mobile":{"background-color":"","background-image":"","background-repeat":"repeat","background-position":"center center","background-size":"auto","background-attachment":"scroll","background-type":"","background-media":"","overlay-type":"","overlay-color":"","overlay-gradient":""}},"ast-content-background-meta":{"desktop":{"background-color":"var(--ast-global-color-5)","background-image":"","background-repeat":"repeat","background-position":"center center","background-size":"auto","background-attachment":"scroll","background-type":"","background-media":"","overlay-type":"","overlay-color":"","overlay-gradient":""},"tablet":{"background-color":"var(--ast-global-color-5)","background-image":"","background-repeat":"repeat","background-position":"center center","background-size":"auto","background-attachment":"scroll","background-type":"","background-media":"","overlay-type":"","overlay-color":"","overlay-gradient":""},"mobile":{"background-color":"var(--ast-global-color-5)","background-image":"","background-repeat":"repeat","background-position":"center center","background-size":"auto","background-attachment":"scroll","background-type":"","background-media":"","overlay-type":"","overlay-color":"","overlay-gradient":""}},"footnotes":""},"categories":[29],"tags":[],"class_list":["post-5498","post","type-post","status-publish","format-standard","has-post-thumbnail","hentry","category-energihantering"],"yoast_head":"<!-- This site is optimized with the Yoast SEO plugin v21.9.1 - https:\/\/yoast.com\/wordpress\/plugins\/seo\/ -->\n<title>S\u00e4tt energieffektivisering i f\u00f6rsta rummet - DAZOQ<\/title>\n<meta name=\"description\" content=\"S\u00e4tt energieffektivisering f\u00f6rst. EU reviderar direktivet om energieffektivitet, blir en grundl\u00e4ggande princip i EU:s energipolitik.\" \/>\n<meta name=\"robots\" content=\"index, follow, max-snippet:-1, max-image-preview:large, max-video-preview:-1\" \/>\n<link rel=\"canonical\" href=\"https:\/\/dazoq.se\/en\/satt-energieffektivisering-i-forsta-rummet\/\" \/>\n<meta property=\"og:locale\" content=\"en_US\" \/>\n<meta property=\"og:type\" content=\"article\" \/>\n<meta property=\"og:title\" content=\"S\u00e4tt energieffektivisering i f\u00f6rsta rummet - DAZOQ\" \/>\n<meta property=\"og:description\" content=\"S\u00e4tt energieffektivisering f\u00f6rst. EU reviderar direktivet om energieffektivitet, blir en grundl\u00e4ggande princip i EU:s energipolitik.\" \/>\n<meta property=\"og:url\" content=\"https:\/\/dazoq.se\/en\/satt-energieffektivisering-i-forsta-rummet\/\" \/>\n<meta property=\"og:site_name\" content=\"DAZOQ\" \/>\n<meta property=\"article:published_time\" content=\"2024-01-18T09:33:26+00:00\" \/>\n<meta property=\"article:modified_time\" content=\"2024-04-15T09:39:12+00:00\" \/>\n<meta property=\"og:image\" content=\"https:\/\/dazoq.se\/wp-content\/uploads\/2023\/04\/pexels-jonas-von-werne-1249398-scaled.jpg\" \/>\n\t<meta property=\"og:image:width\" content=\"2560\" \/>\n\t<meta property=\"og:image:height\" content=\"1707\" \/>\n\t<meta property=\"og:image:type\" content=\"image\/jpeg\" \/>\n<meta name=\"author\" content=\"dazoqadmin\" \/>\n<meta name=\"twitter:card\" content=\"summary_large_image\" \/>\n<meta name=\"twitter:label1\" content=\"Written by\" \/>\n\t<meta name=\"twitter:data1\" content=\"dazoqadmin\" \/>\n\t<meta name=\"twitter:label2\" content=\"Est. reading time\" \/>\n\t<meta name=\"twitter:data2\" content=\"2 minutes\" \/>\n<script type=\"application\/ld+json\" class=\"yoast-schema-graph\">{\"@context\":\"https:\/\/schema.org\",\"@graph\":[{\"@type\":\"Article\",\"@id\":\"https:\/\/dazoq.se\/satt-energieffektivisering-i-forsta-rummet\/#article\",\"isPartOf\":{\"@id\":\"https:\/\/dazoq.se\/satt-energieffektivisering-i-forsta-rummet\/\"},\"author\":{\"name\":\"dazoqadmin\",\"@id\":\"https:\/\/dazoq.se\/#\/schema\/person\/878eac886c93b9f0d3e653459dedffee\"},\"headline\":\"S\u00e4tt energieffektivisering i f\u00f6rsta rummet\",\"datePublished\":\"2024-01-18T09:33:26+00:00\",\"dateModified\":\"2024-04-15T09:39:12+00:00\",\"mainEntityOfPage\":{\"@id\":\"https:\/\/dazoq.se\/satt-energieffektivisering-i-forsta-rummet\/\"},\"wordCount\":409,\"publisher\":{\"@id\":\"https:\/\/dazoq.se\/#organization\"},\"articleSection\":[\"Energihantering\"],\"inLanguage\":\"en-US\"},{\"@type\":\"WebPage\",\"@id\":\"https:\/\/dazoq.se\/satt-energieffektivisering-i-forsta-rummet\/\",\"url\":\"https:\/\/dazoq.se\/satt-energieffektivisering-i-forsta-rummet\/\",\"name\":\"S\u00e4tt energieffektivisering i f\u00f6rsta rummet - DAZOQ\",\"isPartOf\":{\"@id\":\"https:\/\/dazoq.se\/#website\"},\"datePublished\":\"2024-01-18T09:33:26+00:00\",\"dateModified\":\"2024-04-15T09:39:12+00:00\",\"description\":\"S\u00e4tt energieffektivisering f\u00f6rst. EU reviderar direktivet om energieffektivitet, blir en grundl\u00e4ggande princip i EU:s energipolitik.\",\"breadcrumb\":{\"@id\":\"https:\/\/dazoq.se\/satt-energieffektivisering-i-forsta-rummet\/#breadcrumb\"},\"inLanguage\":\"en-US\",\"potentialAction\":[{\"@type\":\"ReadAction\",\"target\":[\"https:\/\/dazoq.se\/satt-energieffektivisering-i-forsta-rummet\/\"]}]},{\"@type\":\"BreadcrumbList\",\"@id\":\"https:\/\/dazoq.se\/satt-energieffektivisering-i-forsta-rummet\/#breadcrumb\",\"itemListElement\":[{\"@type\":\"ListItem\",\"position\":1,\"name\":\"Hem\",\"item\":\"https:\/\/dazoq.se\/\"},{\"@type\":\"ListItem\",\"position\":2,\"name\":\"S\u00e4tt energieffektivisering i f\u00f6rsta rummet\"}]},{\"@type\":\"WebSite\",\"@id\":\"https:\/\/dazoq.se\/#website\",\"url\":\"https:\/\/dazoq.se\/\",\"name\":\"DAZOQ\",\"description\":\"\",\"publisher\":{\"@id\":\"https:\/\/dazoq.se\/#organization\"},\"potentialAction\":[{\"@type\":\"SearchAction\",\"target\":{\"@type\":\"EntryPoint\",\"urlTemplate\":\"https:\/\/dazoq.se\/?s={search_term_string}\"},\"query-input\":\"required name=search_term_string\"}],\"inLanguage\":\"en-US\"},{\"@type\":\"Organization\",\"@id\":\"https:\/\/dazoq.se\/#organization\",\"name\":\"DAZOQ\",\"url\":\"https:\/\/dazoq.se\/\",\"logo\":{\"@type\":\"ImageObject\",\"inLanguage\":\"en-US\",\"@id\":\"https:\/\/dazoq.se\/#\/schema\/logo\/image\/\",\"url\":\"https:\/\/dazoq.se\/wp-content\/uploads\/2021\/07\/logolight.svg\",\"contentUrl\":\"https:\/\/dazoq.se\/wp-content\/uploads\/2021\/07\/logolight.svg\",\"width\":485,\"height\":163,\"caption\":\"DAZOQ\"},\"image\":{\"@id\":\"https:\/\/dazoq.se\/#\/schema\/logo\/image\/\"}},{\"@type\":\"Person\",\"@id\":\"https:\/\/dazoq.se\/#\/schema\/person\/878eac886c93b9f0d3e653459dedffee\",\"name\":\"dazoqadmin\",\"image\":{\"@type\":\"ImageObject\",\"inLanguage\":\"en-US\",\"@id\":\"https:\/\/dazoq.se\/#\/schema\/person\/image\/\",\"url\":\"https:\/\/secure.gravatar.com\/avatar\/676a9f039fd9f01821baa37672071496df886e00565e3e8d50bbe09217c02ef1?s=96&d=mm&r=g\",\"contentUrl\":\"https:\/\/secure.gravatar.com\/avatar\/676a9f039fd9f01821baa37672071496df886e00565e3e8d50bbe09217c02ef1?s=96&d=mm&r=g\",\"caption\":\"dazoqadmin\"},\"sameAs\":[\"https:\/\/dazoq.se\"],\"url\":\"https:\/\/dazoq.se\/en\/author\/dazoqadmin\/\"}]}<\/script>\n<!-- \/ Yoast SEO plugin. -->","yoast_head_json":{"title":"S\u00e4tt energieffektivisering i f\u00f6rsta rummet - DAZOQ","description":"S\u00e4tt energieffektivisering f\u00f6rst. EU reviderar direktivet om energieffektivitet, blir en grundl\u00e4ggande princip i EU:s energipolitik.","robots":{"index":"index","follow":"follow","max-snippet":"max-snippet:-1","max-image-preview":"max-image-preview:large","max-video-preview":"max-video-preview:-1"},"canonical":"https:\/\/dazoq.se\/en\/satt-energieffektivisering-i-forsta-rummet\/","og_locale":"en_US","og_type":"article","og_title":"S\u00e4tt energieffektivisering i f\u00f6rsta rummet - DAZOQ","og_description":"S\u00e4tt energieffektivisering f\u00f6rst. EU reviderar direktivet om energieffektivitet, blir en grundl\u00e4ggande princip i EU:s energipolitik.","og_url":"https:\/\/dazoq.se\/en\/satt-energieffektivisering-i-forsta-rummet\/","og_site_name":"DAZOQ","article_published_time":"2024-01-18T09:33:26+00:00","article_modified_time":"2024-04-15T09:39:12+00:00","og_image":[{"width":2560,"height":1707,"url":"https:\/\/dazoq.se\/wp-content\/uploads\/2023\/04\/pexels-jonas-von-werne-1249398-scaled.jpg","type":"image\/jpeg"}],"author":"dazoqadmin","twitter_card":"summary_large_image","twitter_misc":{"Written by":"dazoqadmin","Est. reading time":"2 minutes"},"schema":{"@context":"https:\/\/schema.org","@graph":[{"@type":"Article","@id":"https:\/\/dazoq.se\/satt-energieffektivisering-i-forsta-rummet\/#article","isPartOf":{"@id":"https:\/\/dazoq.se\/satt-energieffektivisering-i-forsta-rummet\/"},"author":{"name":"dazoqadmin","@id":"https:\/\/dazoq.se\/#\/schema\/person\/878eac886c93b9f0d3e653459dedffee"},"headline":"S\u00e4tt energieffektivisering i f\u00f6rsta rummet","datePublished":"2024-01-18T09:33:26+00:00","dateModified":"2024-04-15T09:39:12+00:00","mainEntityOfPage":{"@id":"https:\/\/dazoq.se\/satt-energieffektivisering-i-forsta-rummet\/"},"wordCount":409,"publisher":{"@id":"https:\/\/dazoq.se\/#organization"},"articleSection":["Energihantering"],"inLanguage":"en-US"},{"@type":"WebPage","@id":"https:\/\/dazoq.se\/satt-energieffektivisering-i-forsta-rummet\/","url":"https:\/\/dazoq.se\/satt-energieffektivisering-i-forsta-rummet\/","name":"S\u00e4tt energieffektivisering i f\u00f6rsta rummet - DAZOQ","isPartOf":{"@id":"https:\/\/dazoq.se\/#website"},"datePublished":"2024-01-18T09:33:26+00:00","dateModified":"2024-04-15T09:39:12+00:00","description":"S\u00e4tt energieffektivisering f\u00f6rst. EU reviderar direktivet om energieffektivitet, blir en grundl\u00e4ggande princip i EU:s energipolitik.","breadcrumb":{"@id":"https:\/\/dazoq.se\/satt-energieffektivisering-i-forsta-rummet\/#breadcrumb"},"inLanguage":"en-US","potentialAction":[{"@type":"ReadAction","target":["https:\/\/dazoq.se\/satt-energieffektivisering-i-forsta-rummet\/"]}]},{"@type":"BreadcrumbList","@id":"https:\/\/dazoq.se\/satt-energieffektivisering-i-forsta-rummet\/#breadcrumb","itemListElement":[{"@type":"ListItem","position":1,"name":"Hem","item":"https:\/\/dazoq.se\/"},{"@type":"ListItem","position":2,"name":"S\u00e4tt energieffektivisering i f\u00f6rsta rummet"}]},{"@type":"WebSite","@id":"https:\/\/dazoq.se\/#website","url":"https:\/\/dazoq.se\/","name":"DAZOQ","description":"","publisher":{"@id":"https:\/\/dazoq.se\/#organization"},"potentialAction":[{"@type":"SearchAction","target":{"@type":"EntryPoint","urlTemplate":"https:\/\/dazoq.se\/?s={search_term_string}"},"query-input":"required name=search_term_string"}],"inLanguage":"en-US"},{"@type":"Organization","@id":"https:\/\/dazoq.se\/#organization","name":"DAZOQ","url":"https:\/\/dazoq.se\/","logo":{"@type":"ImageObject","inLanguage":"en-US","@id":"https:\/\/dazoq.se\/#\/schema\/logo\/image\/","url":"https:\/\/dazoq.se\/wp-content\/uploads\/2021\/07\/logolight.svg","contentUrl":"https:\/\/dazoq.se\/wp-content\/uploads\/2021\/07\/logolight.svg","width":485,"height":163,"caption":"DAZOQ"},"image":{"@id":"https:\/\/dazoq.se\/#\/schema\/logo\/image\/"}},{"@type":"Person","@id":"https:\/\/dazoq.se\/#\/schema\/person\/878eac886c93b9f0d3e653459dedffee","name":"dazoqadmin","image":{"@type":"ImageObject","inLanguage":"en-US","@id":"https:\/\/dazoq.se\/#\/schema\/person\/image\/","url":"https:\/\/secure.gravatar.com\/avatar\/676a9f039fd9f01821baa37672071496df886e00565e3e8d50bbe09217c02ef1?s=96&d=mm&r=g","contentUrl":"https:\/\/secure.gravatar.com\/avatar\/676a9f039fd9f01821baa37672071496df886e00565e3e8d50bbe09217c02ef1?s=96&d=mm&r=g","caption":"dazoqadmin"},"sameAs":["https:\/\/dazoq.se"],"url":"https:\/\/dazoq.se\/en\/author\/dazoqadmin\/"}]}},"_links":{"self":[{"href":"https:\/\/dazoq.se\/en\/wp-json\/wp\/v2\/posts\/5498","targetHints":{"allow":["GET"]}}],"collection":[{"href":"https:\/\/dazoq.se\/en\/wp-json\/wp\/v2\/posts"}],"about":[{"href":"https:\/\/dazoq.se\/en\/wp-json\/wp\/v2\/types\/post"}],"author":[{"embeddable":true,"href":"https:\/\/dazoq.se\/en\/wp-json\/wp\/v2\/users\/1"}],"replies":[{"embeddable":true,"href":"https:\/\/dazoq.se\/en\/wp-json\/wp\/v2\/comments?post=5498"}],"version-history":[{"count":21,"href":"https:\/\/dazoq.se\/en\/wp-json\/wp\/v2\/posts\/5498\/revisions"}],"predecessor-version":[{"id":5795,"href":"https:\/\/dazoq.se\/en\/wp-json\/wp\/v2\/posts\/5498\/revisions\/5795"}],"wp:featuredmedia":[{"embeddable":true,"href":"https:\/\/dazoq.se\/en\/wp-json\/wp\/v2\/media\/2866"}],"wp:attachment":[{"href":"https:\/\/dazoq.se\/en\/wp-json\/wp\/v2\/media?parent=5498"}],"wp:term":[{"taxonomy":"category","embeddable":true,"href":"https:\/\/dazoq.se\/en\/wp-json\/wp\/v2\/categories?post=5498"},{"taxonomy":"post_tag","embeddable":true,"href":"https:\/\/dazoq.se\/en\/wp-json\/wp\/v2\/tags?post=5498"}],"curies":[{"name":"wp","href":"https:\/\/api.w.org\/{rel}","templated":true}]}}